{"id":1598,"date":"2018-04-25T20:11:10","date_gmt":"2018-04-25T20:11:10","guid":{"rendered":"https:\/\/www.ensoulrecords.com\/?p=1598"},"modified":"2024-01-22T17:54:58","modified_gmt":"2024-01-22T17:54:58","slug":"cest-a-son-tour-au-festival-international-de-jazz-de-montreal","status":"publish","type":"post","link":"https:\/\/ensoulrecords.com\/fr\/2018\/04\/25\/cest-a-son-tour-au-festival-international-de-jazz-de-montreal\/","title":{"rendered":"C&rsquo;est \u00e0 son tour au Festival International de Jazz de Montr\u00e9al !"},"content":{"rendered":"<p>La programmation compl\u00e8te d&rsquo;artistes \u00e0 \u00e9t\u00e9 d\u00e9voil\u00e9e hier \u00e0 la conf\u00e9rence de presse du <a href=\"http:\/\/montrealjazzfest.com\/\"><strong>Festival International de Jazz de Montr\u00e9al<\/strong><\/a> et devinez qui se produira deux soirs de suite?!<br \/>\n<a href=\"https:\/\/www.facebook.com\/domiofficialpage\/\"><strong>Dominique Fils-Aim\u00e9<\/strong><\/a> sera sur la sc\u00e8ne du M2 les 4 et 5 juillet \u00e0 19h00.<\/p>\n<p>Pour ceux qui ne sont pas familier avec cette salle, le <strong>M2<\/strong> est situ\u00e9 au 2\u00e8me \u00e9tage du <a href=\"https:\/\/mtelus.com\/fr\"><strong>MTelus<\/strong><\/a>. Elle pr\u00e9pare un spectacle formidable pour cette occasion alors ne la manquez pas !<\/p>\n<p><em>Les billets seront en vente \u00e0 partir de vendredi 27 avril \u00e0 midi.<\/em><\/p>\n<p>Liens vers les \u00e9v\u00e8nements Facebook:<br \/>\n<strong><a href=\"https:\/\/www.facebook.com\/events\/137077413812799\/\">July 4th <\/a><br \/>\n<a href=\"https:\/\/www.facebook.com\/events\/2104317349801952\/\">July 5th<\/a><\/strong><\/p>\n","protected":false},"excerpt":{"rendered":"<p>La programmation compl\u00e8te d&rsquo;artistes \u00e0 \u00e9t\u00e9 d\u00e9voil\u00e9e hier \u00e0 la conf\u00e9rence de presse du Festival International de Jazz de Montr\u00e9al et devinez qui se produira deux soirs de suite?! Dominique Fils-Aim\u00e9 sera sur la sc\u00e8ne du M2 les 4 et 5 juillet \u00e0 19h00. Pour ceux qui ne sont pas familier avec cette salle, le<a class=\"excerpt-read-more\" href=\"https:\/\/ensoulrecords.com\/fr\/2018\/04\/25\/cest-a-son-tour-au-festival-international-de-jazz-de-montreal\/\" title=\"ReadC&rsquo;est \u00e0 son tour au Festival International de Jazz de Montr\u00e9al !\">&#8230; Read more &raquo;<\/a><\/p>\n","protected":false},"author":2,"featured_media":1625,"comment_status":"closed","ping_status":"open","sticky":false,"template":"","format":"standard","meta":{"_acf_changed":false,"footnotes":""},"categories":[15],"tags":[95,96,485,473,474,475,476,486,97,487,488,489,478,490,40,101,491,102,479,103,480,104,492,481,493,494,495,106,496,482,497,107],"class_list":["post-1598","post","type-post","status-publish","format-standard","has-post-thumbnail","hentry","category-nouvelles","tag-39eme-edition","tag-annonce","tag-billie-holiday-fr-2","tag-blues-fr-2","tag-canada-fr-2","tag-domi","tag-dominique-fils-aime-fr-2","tag-feeling-good-fr-2","tag-festijazz-fr","tag-festival-de-jazz-de-montreal-fr-2","tag-fijm-fr-2","tag-home-fr-2","tag-jazz-fr-2","tag-jazzfest-fr-2","tag-la-voix","tag-m2-fr","tag-maya-angelou-fr-2","tag-metropolis","tag-montreal-fr-2","tag-mtelus-fr","tag-nameless-fr-2","tag-neosoul","tag-nina-simone-fr-2","tag-quebec-fr-2","tag-rb-fr-2","tag-rise-fr-2","tag-rnb-fr-2","tag-savoy","tag-sleepy-fr-2","tag-soul-fr-2","tag-strange-fruit-fr-2","tag-urbain"],"acf":[],"yoast_head":"<!-- This site is optimized with the Yoast SEO plugin v22.5 - https:\/\/yoast.com\/wordpress\/plugins\/seo\/ -->\n<title>C&#039;est \u00e0 son tour au Festival International de Jazz de Montr\u00e9al ! - Ensoul Records<\/title>\n<meta name=\"robots\" content=\"index, follow, max-snippet:-1, max-image-preview:large, max-video-preview:-1\" \/>\n<link rel=\"canonical\" href=\"https:\/\/ensoulrecords.com\/fr\/2018\/04\/25\/cest-a-son-tour-au-festival-international-de-jazz-de-montreal\/\" \/>\n<meta property=\"og:locale\" content=\"fr_FR\" \/>\n<meta property=\"og:type\" content=\"article\" \/>\n<meta property=\"og:title\" content=\"C&#039;est \u00e0 son tour au Festival International de Jazz de Montr\u00e9al ! - Ensoul Records\" \/>\n<meta property=\"og:description\" content=\"La programmation compl\u00e8te d&rsquo;artistes \u00e0 \u00e9t\u00e9 d\u00e9voil\u00e9e hier \u00e0 la conf\u00e9rence de presse du Festival International de Jazz de Montr\u00e9al et devinez qui se produira deux soirs de suite?! Dominique Fils-Aim\u00e9 sera sur la sc\u00e8ne du M2 les 4 et 5 juillet \u00e0 19h00. Pour ceux qui ne sont pas familier avec cette salle, le... Read more &raquo;\" \/>\n<meta property=\"og:url\" content=\"https:\/\/ensoulrecords.com\/fr\/2018\/04\/25\/cest-a-son-tour-au-festival-international-de-jazz-de-montreal\/\" \/>\n<meta property=\"og:site_name\" content=\"Ensoul Records\" \/>\n<meta property=\"article:publisher\" content=\"https:\/\/www.facebook.com\/EnsoulRecords\/\" \/>\n<meta property=\"article:published_time\" content=\"2018-04-25T20:11:10+00:00\" \/>\n<meta property=\"article:modified_time\" content=\"2024-01-22T17:54:58+00:00\" \/>\n<meta property=\"og:image\" content=\"https:\/\/ensoulrecords.com\/wp-content\/uploads\/2018\/04\/20180424_123845-1-scaled.jpg\" \/>\n\t<meta property=\"og:image:width\" content=\"2560\" \/>\n\t<meta property=\"og:image:height\" content=\"2560\" \/>\n\t<meta property=\"og:image:type\" content=\"image\/jpeg\" \/>\n<meta name=\"author\" content=\"er_admin_ka\" \/>\n<meta name=\"twitter:card\" content=\"summary_large_image\" \/>\n<meta name=\"twitter:creator\" content=\"@Ensoul_records\" \/>\n<meta name=\"twitter:site\" content=\"@Ensoul_records\" \/>\n<meta name=\"twitter:label1\" content=\"\u00c9crit par\" \/>\n\t<meta name=\"twitter:data1\" content=\"er_admin_ka\" \/>\n<script type=\"application\/ld+json\" class=\"yoast-schema-graph\">{\"@context\":\"https:\/\/schema.org\",\"@graph\":[{\"@type\":\"Article\",\"@id\":\"https:\/\/ensoulrecords.com\/fr\/2018\/04\/25\/cest-a-son-tour-au-festival-international-de-jazz-de-montreal\/#article\",\"isPartOf\":{\"@id\":\"https:\/\/ensoulrecords.com\/fr\/2018\/04\/25\/cest-a-son-tour-au-festival-international-de-jazz-de-montreal\/\"},\"author\":{\"name\":\"er_admin_ka\",\"@id\":\"https:\/\/ensoulrecords.com\/#\/schema\/person\/b8c1bc3df6aa16f79c7e06d5f6719fae\"},\"headline\":\"C&rsquo;est \u00e0 son tour au Festival International de Jazz de Montr\u00e9al !\",\"datePublished\":\"2018-04-25T20:11:10+00:00\",\"dateModified\":\"2024-01-22T17:54:58+00:00\",\"mainEntityOfPage\":{\"@id\":\"https:\/\/ensoulrecords.com\/fr\/2018\/04\/25\/cest-a-son-tour-au-festival-international-de-jazz-de-montreal\/\"},\"wordCount\":109,\"publisher\":{\"@id\":\"https:\/\/ensoulrecords.com\/#organization\"},\"image\":{\"@id\":\"https:\/\/ensoulrecords.com\/fr\/2018\/04\/25\/cest-a-son-tour-au-festival-international-de-jazz-de-montreal\/#primaryimage\"},\"thumbnailUrl\":\"https:\/\/ensoulrecords.com\/wp-content\/uploads\/2018\/04\/20180424_123845-1-scaled.jpg\",\"keywords\":[\"39\u00e8me \u00e9dition\",\"annonce\",\"Billie Holiday\",\"blues\",\"Canada\",\"DoMi\",\"Dominique Fils-Aim\u00e9\",\"Feeling good\",\"festijazz\",\"Festival de jazz de Montr\u00e9al\",\"fijm\",\"home\",\"jazz\",\"jazzfest\",\"La voix\",\"M2\",\"Maya Angelou\",\"M\u00e9tropolis\",\"Montreal\",\"MTelus\",\"Nameless\",\"n\u00e9osoul\",\"Nina Simone\",\"Quebec\",\"R&amp;B\",\"Rise\",\"RnB\",\"Savoy\",\"sleepy\",\"soul\",\"Strange Fruit\",\"urbain\"],\"articleSection\":[\"Nouvelles\"],\"inLanguage\":\"fr-FR\"},{\"@type\":\"WebPage\",\"@id\":\"https:\/\/ensoulrecords.com\/fr\/2018\/04\/25\/cest-a-son-tour-au-festival-international-de-jazz-de-montreal\/\",\"url\":\"https:\/\/ensoulrecords.com\/fr\/2018\/04\/25\/cest-a-son-tour-au-festival-international-de-jazz-de-montreal\/\",\"name\":\"C'est \u00e0 son tour au Festival International de Jazz de Montr\u00e9al ! - Ensoul Records\",\"isPartOf\":{\"@id\":\"https:\/\/ensoulrecords.com\/#website\"},\"primaryImageOfPage\":{\"@id\":\"https:\/\/ensoulrecords.com\/fr\/2018\/04\/25\/cest-a-son-tour-au-festival-international-de-jazz-de-montreal\/#primaryimage\"},\"image\":{\"@id\":\"https:\/\/ensoulrecords.com\/fr\/2018\/04\/25\/cest-a-son-tour-au-festival-international-de-jazz-de-montreal\/#primaryimage\"},\"thumbnailUrl\":\"https:\/\/ensoulrecords.com\/wp-content\/uploads\/2018\/04\/20180424_123845-1-scaled.jpg\",\"datePublished\":\"2018-04-25T20:11:10+00:00\",\"dateModified\":\"2024-01-22T17:54:58+00:00\",\"breadcrumb\":{\"@id\":\"https:\/\/ensoulrecords.com\/fr\/2018\/04\/25\/cest-a-son-tour-au-festival-international-de-jazz-de-montreal\/#breadcrumb\"},\"inLanguage\":\"fr-FR\",\"potentialAction\":[{\"@type\":\"ReadAction\",\"target\":[\"https:\/\/ensoulrecords.com\/fr\/2018\/04\/25\/cest-a-son-tour-au-festival-international-de-jazz-de-montreal\/\"]}]},{\"@type\":\"ImageObject\",\"inLanguage\":\"fr-FR\",\"@id\":\"https:\/\/ensoulrecords.com\/fr\/2018\/04\/25\/cest-a-son-tour-au-festival-international-de-jazz-de-montreal\/#primaryimage\",\"url\":\"https:\/\/ensoulrecords.com\/wp-content\/uploads\/2018\/04\/20180424_123845-1-scaled.jpg\",\"contentUrl\":\"https:\/\/ensoulrecords.com\/wp-content\/uploads\/2018\/04\/20180424_123845-1-scaled.jpg\",\"width\":2560,\"height\":2560},{\"@type\":\"BreadcrumbList\",\"@id\":\"https:\/\/ensoulrecords.com\/fr\/2018\/04\/25\/cest-a-son-tour-au-festival-international-de-jazz-de-montreal\/#breadcrumb\",\"itemListElement\":[{\"@type\":\"ListItem\",\"position\":1,\"name\":\"Home\",\"item\":\"https:\/\/ensoulrecords.com\/fr\/\"},{\"@type\":\"ListItem\",\"position\":2,\"name\":\"C&#8217;est \u00e0 son tour au Festival International de Jazz de Montr\u00e9al !\"}]},{\"@type\":\"WebSite\",\"@id\":\"https:\/\/ensoulrecords.com\/#website\",\"url\":\"https:\/\/ensoulrecords.com\/\",\"name\":\"Ensoul Records\",\"description\":\"Promoting Montreal\u2019s soulful music by collaborating with genuine artists\",\"publisher\":{\"@id\":\"https:\/\/ensoulrecords.com\/#organization\"},\"potentialAction\":[{\"@type\":\"SearchAction\",\"target\":{\"@type\":\"EntryPoint\",\"urlTemplate\":\"https:\/\/ensoulrecords.com\/?s={search_term_string}\"},\"query-input\":\"required name=search_term_string\"}],\"inLanguage\":\"fr-FR\"},{\"@type\":\"Organization\",\"@id\":\"https:\/\/ensoulrecords.com\/#organization\",\"name\":\"Ensoul Records\",\"url\":\"https:\/\/ensoulrecords.com\/\",\"logo\":{\"@type\":\"ImageObject\",\"inLanguage\":\"fr-FR\",\"@id\":\"https:\/\/ensoulrecords.com\/#\/schema\/logo\/image\/\",\"url\":\"https:\/\/ensoulrecords.com\/wp-content\/uploads\/2022\/06\/logo-ensoul-1000x1000px-blanc.png\",\"contentUrl\":\"https:\/\/ensoulrecords.com\/wp-content\/uploads\/2022\/06\/logo-ensoul-1000x1000px-blanc.png\",\"width\":2083,\"height\":2083,\"caption\":\"Ensoul Records\"},\"image\":{\"@id\":\"https:\/\/ensoulrecords.com\/#\/schema\/logo\/image\/\"},\"sameAs\":[\"https:\/\/www.facebook.com\/EnsoulRecords\/\",\"https:\/\/x.com\/Ensoul_records\",\"https:\/\/www.instagram.com\/ensoulrecords\"]},{\"@type\":\"Person\",\"@id\":\"https:\/\/ensoulrecords.com\/#\/schema\/person\/b8c1bc3df6aa16f79c7e06d5f6719fae\",\"name\":\"er_admin_ka\",\"image\":{\"@type\":\"ImageObject\",\"inLanguage\":\"fr-FR\",\"@id\":\"https:\/\/ensoulrecords.com\/#\/schema\/person\/image\/\",\"url\":\"https:\/\/secure.gravatar.com\/avatar\/5024255e659a91bc5166519bb2c32f7966908a49bf03e0134b2ed8e832adaf73?s=96&d=mm&r=g\",\"contentUrl\":\"https:\/\/secure.gravatar.com\/avatar\/5024255e659a91bc5166519bb2c32f7966908a49bf03e0134b2ed8e832adaf73?s=96&d=mm&r=g\",\"caption\":\"er_admin_ka\"},\"url\":\"https:\/\/ensoulrecords.com\/fr\/author\/er_admin_ka\/\"}]}<\/script>\n<!-- \/ Yoast SEO plugin. -->","yoast_head_json":{"title":"C'est \u00e0 son tour au Festival International de Jazz de Montr\u00e9al ! - Ensoul Records","robots":{"index":"index","follow":"follow","max-snippet":"max-snippet:-1","max-image-preview":"max-image-preview:large","max-video-preview":"max-video-preview:-1"},"canonical":"https:\/\/ensoulrecords.com\/fr\/2018\/04\/25\/cest-a-son-tour-au-festival-international-de-jazz-de-montreal\/","og_locale":"fr_FR","og_type":"article","og_title":"C'est \u00e0 son tour au Festival International de Jazz de Montr\u00e9al ! - Ensoul Records","og_description":"La programmation compl\u00e8te d&rsquo;artistes \u00e0 \u00e9t\u00e9 d\u00e9voil\u00e9e hier \u00e0 la conf\u00e9rence de presse du Festival International de Jazz de Montr\u00e9al et devinez qui se produira deux soirs de suite?! Dominique Fils-Aim\u00e9 sera sur la sc\u00e8ne du M2 les 4 et 5 juillet \u00e0 19h00. Pour ceux qui ne sont pas familier avec cette salle, le... Read more &raquo;","og_url":"https:\/\/ensoulrecords.com\/fr\/2018\/04\/25\/cest-a-son-tour-au-festival-international-de-jazz-de-montreal\/","og_site_name":"Ensoul Records","article_publisher":"https:\/\/www.facebook.com\/EnsoulRecords\/","article_published_time":"2018-04-25T20:11:10+00:00","article_modified_time":"2024-01-22T17:54:58+00:00","og_image":[{"width":2560,"height":2560,"url":"https:\/\/ensoulrecords.com\/wp-content\/uploads\/2018\/04\/20180424_123845-1-scaled.jpg","type":"image\/jpeg"}],"author":"er_admin_ka","twitter_card":"summary_large_image","twitter_creator":"@Ensoul_records","twitter_site":"@Ensoul_records","twitter_misc":{"\u00c9crit par":"er_admin_ka"},"schema":{"@context":"https:\/\/schema.org","@graph":[{"@type":"Article","@id":"https:\/\/ensoulrecords.com\/fr\/2018\/04\/25\/cest-a-son-tour-au-festival-international-de-jazz-de-montreal\/#article","isPartOf":{"@id":"https:\/\/ensoulrecords.com\/fr\/2018\/04\/25\/cest-a-son-tour-au-festival-international-de-jazz-de-montreal\/"},"author":{"name":"er_admin_ka","@id":"https:\/\/ensoulrecords.com\/#\/schema\/person\/b8c1bc3df6aa16f79c7e06d5f6719fae"},"headline":"C&rsquo;est \u00e0 son tour au Festival International de Jazz de Montr\u00e9al !","datePublished":"2018-04-25T20:11:10+00:00","dateModified":"2024-01-22T17:54:58+00:00","mainEntityOfPage":{"@id":"https:\/\/ensoulrecords.com\/fr\/2018\/04\/25\/cest-a-son-tour-au-festival-international-de-jazz-de-montreal\/"},"wordCount":109,"publisher":{"@id":"https:\/\/ensoulrecords.com\/#organization"},"image":{"@id":"https:\/\/ensoulrecords.com\/fr\/2018\/04\/25\/cest-a-son-tour-au-festival-international-de-jazz-de-montreal\/#primaryimage"},"thumbnailUrl":"https:\/\/ensoulrecords.com\/wp-content\/uploads\/2018\/04\/20180424_123845-1-scaled.jpg","keywords":["39\u00e8me \u00e9dition","annonce","Billie Holiday","blues","Canada","DoMi","Dominique Fils-Aim\u00e9","Feeling good","festijazz","Festival de jazz de Montr\u00e9al","fijm","home","jazz","jazzfest","La voix","M2","Maya Angelou","M\u00e9tropolis","Montreal","MTelus","Nameless","n\u00e9osoul","Nina Simone","Quebec","R&amp;B","Rise","RnB","Savoy","sleepy","soul","Strange Fruit","urbain"],"articleSection":["Nouvelles"],"inLanguage":"fr-FR"},{"@type":"WebPage","@id":"https:\/\/ensoulrecords.com\/fr\/2018\/04\/25\/cest-a-son-tour-au-festival-international-de-jazz-de-montreal\/","url":"https:\/\/ensoulrecords.com\/fr\/2018\/04\/25\/cest-a-son-tour-au-festival-international-de-jazz-de-montreal\/","name":"C'est \u00e0 son tour au Festival International de Jazz de Montr\u00e9al ! - Ensoul Records","isPartOf":{"@id":"https:\/\/ensoulrecords.com\/#website"},"primaryImageOfPage":{"@id":"https:\/\/ensoulrecords.com\/fr\/2018\/04\/25\/cest-a-son-tour-au-festival-international-de-jazz-de-montreal\/#primaryimage"},"image":{"@id":"https:\/\/ensoulrecords.com\/fr\/2018\/04\/25\/cest-a-son-tour-au-festival-international-de-jazz-de-montreal\/#primaryimage"},"thumbnailUrl":"https:\/\/ensoulrecords.com\/wp-content\/uploads\/2018\/04\/20180424_123845-1-scaled.jpg","datePublished":"2018-04-25T20:11:10+00:00","dateModified":"2024-01-22T17:54:58+00:00","breadcrumb":{"@id":"https:\/\/ensoulrecords.com\/fr\/2018\/04\/25\/cest-a-son-tour-au-festival-international-de-jazz-de-montreal\/#breadcrumb"},"inLanguage":"fr-FR","potentialAction":[{"@type":"ReadAction","target":["https:\/\/ensoulrecords.com\/fr\/2018\/04\/25\/cest-a-son-tour-au-festival-international-de-jazz-de-montreal\/"]}]},{"@type":"ImageObject","inLanguage":"fr-FR","@id":"https:\/\/ensoulrecords.com\/fr\/2018\/04\/25\/cest-a-son-tour-au-festival-international-de-jazz-de-montreal\/#primaryimage","url":"https:\/\/ensoulrecords.com\/wp-content\/uploads\/2018\/04\/20180424_123845-1-scaled.jpg","contentUrl":"https:\/\/ensoulrecords.com\/wp-content\/uploads\/2018\/04\/20180424_123845-1-scaled.jpg","width":2560,"height":2560},{"@type":"BreadcrumbList","@id":"https:\/\/ensoulrecords.com\/fr\/2018\/04\/25\/cest-a-son-tour-au-festival-international-de-jazz-de-montreal\/#breadcrumb","itemListElement":[{"@type":"ListItem","position":1,"name":"Home","item":"https:\/\/ensoulrecords.com\/fr\/"},{"@type":"ListItem","position":2,"name":"C&#8217;est \u00e0 son tour au Festival International de Jazz de Montr\u00e9al !"}]},{"@type":"WebSite","@id":"https:\/\/ensoulrecords.com\/#website","url":"https:\/\/ensoulrecords.com\/","name":"Ensoul Records","description":"Promoting Montreal\u2019s soulful music by collaborating with genuine artists","publisher":{"@id":"https:\/\/ensoulrecords.com\/#organization"},"potentialAction":[{"@type":"SearchAction","target":{"@type":"EntryPoint","urlTemplate":"https:\/\/ensoulrecords.com\/?s={search_term_string}"},"query-input":"required name=search_term_string"}],"inLanguage":"fr-FR"},{"@type":"Organization","@id":"https:\/\/ensoulrecords.com\/#organization","name":"Ensoul Records","url":"https:\/\/ensoulrecords.com\/","logo":{"@type":"ImageObject","inLanguage":"fr-FR","@id":"https:\/\/ensoulrecords.com\/#\/schema\/logo\/image\/","url":"https:\/\/ensoulrecords.com\/wp-content\/uploads\/2022\/06\/logo-ensoul-1000x1000px-blanc.png","contentUrl":"https:\/\/ensoulrecords.com\/wp-content\/uploads\/2022\/06\/logo-ensoul-1000x1000px-blanc.png","width":2083,"height":2083,"caption":"Ensoul Records"},"image":{"@id":"https:\/\/ensoulrecords.com\/#\/schema\/logo\/image\/"},"sameAs":["https:\/\/www.facebook.com\/EnsoulRecords\/","https:\/\/x.com\/Ensoul_records","https:\/\/www.instagram.com\/ensoulrecords"]},{"@type":"Person","@id":"https:\/\/ensoulrecords.com\/#\/schema\/person\/b8c1bc3df6aa16f79c7e06d5f6719fae","name":"er_admin_ka","image":{"@type":"ImageObject","inLanguage":"fr-FR","@id":"https:\/\/ensoulrecords.com\/#\/schema\/person\/image\/","url":"https:\/\/secure.gravatar.com\/avatar\/5024255e659a91bc5166519bb2c32f7966908a49bf03e0134b2ed8e832adaf73?s=96&d=mm&r=g","contentUrl":"https:\/\/secure.gravatar.com\/avatar\/5024255e659a91bc5166519bb2c32f7966908a49bf03e0134b2ed8e832adaf73?s=96&d=mm&r=g","caption":"er_admin_ka"},"url":"https:\/\/ensoulrecords.com\/fr\/author\/er_admin_ka\/"}]}},"_links":{"self":[{"href":"https:\/\/ensoulrecords.com\/fr\/wp-json\/wp\/v2\/posts\/1598","targetHints":{"allow":["GET"]}}],"collection":[{"href":"https:\/\/ensoulrecords.com\/fr\/wp-json\/wp\/v2\/posts"}],"about":[{"href":"https:\/\/ensoulrecords.com\/fr\/wp-json\/wp\/v2\/types\/post"}],"author":[{"embeddable":true,"href":"https:\/\/ensoulrecords.com\/fr\/wp-json\/wp\/v2\/users\/2"}],"replies":[{"embeddable":true,"href":"https:\/\/ensoulrecords.com\/fr\/wp-json\/wp\/v2\/comments?post=1598"}],"version-history":[{"count":1,"href":"https:\/\/ensoulrecords.com\/fr\/wp-json\/wp\/v2\/posts\/1598\/revisions"}],"predecessor-version":[{"id":2556,"href":"https:\/\/ensoulrecords.com\/fr\/wp-json\/wp\/v2\/posts\/1598\/revisions\/2556"}],"wp:featuredmedia":[{"embeddable":true,"href":"https:\/\/ensoulrecords.com\/fr\/wp-json\/wp\/v2\/media\/1625"}],"wp:attachment":[{"href":"https:\/\/ensoulrecords.com\/fr\/wp-json\/wp\/v2\/media?parent=1598"}],"wp:term":[{"taxonomy":"category","embeddable":true,"href":"https:\/\/ensoulrecords.com\/fr\/wp-json\/wp\/v2\/categories?post=1598"},{"taxonomy":"post_tag","embeddable":true,"href":"https:\/\/ensoulrecords.com\/fr\/wp-json\/wp\/v2\/tags?post=1598"}],"curies":[{"name":"wp","href":"https:\/\/api.w.org\/{rel}","templated":true}]}}