{"id":1195,"date":"2016-11-29T16:22:33","date_gmt":"2016-11-29T16:22:33","guid":{"rendered":"https:\/\/www.ensoulrecords.com\/?p=1195"},"modified":"2024-01-22T17:55:29","modified_gmt":"2024-01-22T17:55:29","slug":"thiscotech-au-festival-de-jazz-de-montreal","status":"publish","type":"post","link":"https:\/\/ensoulrecords.com\/fr\/2016\/11\/29\/thiscotech-au-festival-de-jazz-de-montreal\/","title":{"rendered":"Thiscotech au Festival de Jazz de Montr\u00e9al"},"content":{"rendered":"<p>Nos amis de <strong>Thiscotech<\/strong> seront au Groove Nation pour le Festival International de Jazz.<br \/>\nIls afficheront une formation compl\u00e8te incluant des cuivres chaleureux, percussions groovy, une ligne de basse ent\u00eatante et des voix envo\u00fbtantes.<br \/>\n<strong>Ladyfriend<\/strong> s&rsquo;occupera de faire monter la temp\u00e9rature sur la piste de danse avec sa s\u00e9lection de p\u00e9pites vintages.<\/p>\n<p>Sortez vos plus belles chaussures de danse et laissez la funk vous enivrer!<\/p>\n<p>L&rsquo;\u00e9quipe Ensoul<\/p>\n<p><a href=\"https:\/\/thiscotech.bandcamp.com\/\"><strong>Thiscotech sur bandcamp<\/strong><\/a><br \/>\n<a href=\"https:\/\/soundcloud.com\/iamladyfriend\"><strong>Ladyfriend sur soundcloud<\/strong><\/a><\/p>\n","protected":false},"excerpt":{"rendered":"<p>Nos amis de Thiscotech seront au Groove Nation pour le Festival International de Jazz. Ils afficheront une formation compl\u00e8te incluant des cuivres chaleureux, percussions groovy, une ligne de basse ent\u00eatante et des voix envo\u00fbtantes. Ladyfriend s&rsquo;occupera de faire monter la temp\u00e9rature sur la piste de danse avec sa s\u00e9lection de p\u00e9pites vintages. Sortez vos plus<a class=\"excerpt-read-more\" href=\"https:\/\/ensoulrecords.com\/fr\/2016\/11\/29\/thiscotech-au-festival-de-jazz-de-montreal\/\" title=\"ReadThiscotech au Festival de Jazz de Montr\u00e9al\">&#8230; Read more &raquo;<\/a><\/p>\n","protected":false},"author":3,"featured_media":1146,"comment_status":"closed","ping_status":"open","sticky":false,"template":"","format":"standard","meta":{"_acf_changed":false,"footnotes":""},"categories":[2],"tags":[],"class_list":["post-1195","post","type-post","status-publish","format-standard","has-post-thumbnail","hentry","category-non-classifiee"],"acf":[],"yoast_head":"<!-- This site is optimized with the Yoast SEO plugin v22.5 - https:\/\/yoast.com\/wordpress\/plugins\/seo\/ -->\n<title>Thiscotech au Festival de Jazz de Montr\u00e9al - Ensoul Records<\/title>\n<meta name=\"robots\" content=\"index, follow, max-snippet:-1, max-image-preview:large, max-video-preview:-1\" \/>\n<link rel=\"canonical\" href=\"https:\/\/ensoulrecords.com\/fr\/2016\/11\/29\/thiscotech-au-festival-de-jazz-de-montreal\/\" \/>\n<meta property=\"og:locale\" content=\"fr_FR\" \/>\n<meta property=\"og:type\" content=\"article\" \/>\n<meta property=\"og:title\" content=\"Thiscotech au Festival de Jazz de Montr\u00e9al - Ensoul Records\" \/>\n<meta property=\"og:description\" content=\"Nos amis de Thiscotech seront au Groove Nation pour le Festival International de Jazz. Ils afficheront une formation compl\u00e8te incluant des cuivres chaleureux, percussions groovy, une ligne de basse ent\u00eatante et des voix envo\u00fbtantes. Ladyfriend s&rsquo;occupera de faire monter la temp\u00e9rature sur la piste de danse avec sa s\u00e9lection de p\u00e9pites vintages. Sortez vos plus... Read more &raquo;\" \/>\n<meta property=\"og:url\" content=\"https:\/\/ensoulrecords.com\/fr\/2016\/11\/29\/thiscotech-au-festival-de-jazz-de-montreal\/\" \/>\n<meta property=\"og:site_name\" content=\"Ensoul Records\" \/>\n<meta property=\"article:publisher\" content=\"https:\/\/www.facebook.com\/EnsoulRecords\/\" \/>\n<meta property=\"article:published_time\" content=\"2016-11-29T16:22:33+00:00\" \/>\n<meta property=\"article:modified_time\" content=\"2024-01-22T17:55:29+00:00\" \/>\n<meta property=\"og:image\" content=\"https:\/\/ensoulrecords.com\/wp-content\/uploads\/2016\/09\/This-Cotech.jpg\" \/>\n\t<meta property=\"og:image:width\" content=\"800\" \/>\n\t<meta property=\"og:image:height\" content=\"800\" \/>\n\t<meta property=\"og:image:type\" content=\"image\/jpeg\" \/>\n<meta name=\"author\" content=\"er_admin_fr\" \/>\n<meta name=\"twitter:card\" content=\"summary_large_image\" \/>\n<meta name=\"twitter:creator\" content=\"@Ensoul_records\" \/>\n<meta name=\"twitter:site\" content=\"@Ensoul_records\" \/>\n<meta name=\"twitter:label1\" content=\"\u00c9crit par\" \/>\n\t<meta name=\"twitter:data1\" content=\"er_admin_fr\" \/>\n<script type=\"application\/ld+json\" class=\"yoast-schema-graph\">{\"@context\":\"https:\/\/schema.org\",\"@graph\":[{\"@type\":\"Article\",\"@id\":\"https:\/\/ensoulrecords.com\/fr\/2016\/11\/29\/thiscotech-au-festival-de-jazz-de-montreal\/#article\",\"isPartOf\":{\"@id\":\"https:\/\/ensoulrecords.com\/fr\/2016\/11\/29\/thiscotech-au-festival-de-jazz-de-montreal\/\"},\"author\":{\"name\":\"er_admin_fr\",\"@id\":\"https:\/\/ensoulrecords.com\/#\/schema\/person\/09a75299e550fac72315c4458316fec2\"},\"headline\":\"Thiscotech au Festival de Jazz de Montr\u00e9al\",\"datePublished\":\"2016-11-29T16:22:33+00:00\",\"dateModified\":\"2024-01-22T17:55:29+00:00\",\"mainEntityOfPage\":{\"@id\":\"https:\/\/ensoulrecords.com\/fr\/2016\/11\/29\/thiscotech-au-festival-de-jazz-de-montreal\/\"},\"wordCount\":88,\"publisher\":{\"@id\":\"https:\/\/ensoulrecords.com\/#organization\"},\"image\":{\"@id\":\"https:\/\/ensoulrecords.com\/fr\/2016\/11\/29\/thiscotech-au-festival-de-jazz-de-montreal\/#primaryimage\"},\"thumbnailUrl\":\"https:\/\/ensoulrecords.com\/wp-content\/uploads\/2016\/09\/This-Cotech.jpg\",\"articleSection\":[\"Non classifi\u00e9(e)\"],\"inLanguage\":\"fr-FR\"},{\"@type\":\"WebPage\",\"@id\":\"https:\/\/ensoulrecords.com\/fr\/2016\/11\/29\/thiscotech-au-festival-de-jazz-de-montreal\/\",\"url\":\"https:\/\/ensoulrecords.com\/fr\/2016\/11\/29\/thiscotech-au-festival-de-jazz-de-montreal\/\",\"name\":\"Thiscotech au Festival de Jazz de Montr\u00e9al - Ensoul Records\",\"isPartOf\":{\"@id\":\"https:\/\/ensoulrecords.com\/#website\"},\"primaryImageOfPage\":{\"@id\":\"https:\/\/ensoulrecords.com\/fr\/2016\/11\/29\/thiscotech-au-festival-de-jazz-de-montreal\/#primaryimage\"},\"image\":{\"@id\":\"https:\/\/ensoulrecords.com\/fr\/2016\/11\/29\/thiscotech-au-festival-de-jazz-de-montreal\/#primaryimage\"},\"thumbnailUrl\":\"https:\/\/ensoulrecords.com\/wp-content\/uploads\/2016\/09\/This-Cotech.jpg\",\"datePublished\":\"2016-11-29T16:22:33+00:00\",\"dateModified\":\"2024-01-22T17:55:29+00:00\",\"breadcrumb\":{\"@id\":\"https:\/\/ensoulrecords.com\/fr\/2016\/11\/29\/thiscotech-au-festival-de-jazz-de-montreal\/#breadcrumb\"},\"inLanguage\":\"fr-FR\",\"potentialAction\":[{\"@type\":\"ReadAction\",\"target\":[\"https:\/\/ensoulrecords.com\/fr\/2016\/11\/29\/thiscotech-au-festival-de-jazz-de-montreal\/\"]}]},{\"@type\":\"ImageObject\",\"inLanguage\":\"fr-FR\",\"@id\":\"https:\/\/ensoulrecords.com\/fr\/2016\/11\/29\/thiscotech-au-festival-de-jazz-de-montreal\/#primaryimage\",\"url\":\"https:\/\/ensoulrecords.com\/wp-content\/uploads\/2016\/09\/This-Cotech.jpg\",\"contentUrl\":\"https:\/\/ensoulrecords.com\/wp-content\/uploads\/2016\/09\/This-Cotech.jpg\",\"width\":800,\"height\":800},{\"@type\":\"BreadcrumbList\",\"@id\":\"https:\/\/ensoulrecords.com\/fr\/2016\/11\/29\/thiscotech-au-festival-de-jazz-de-montreal\/#breadcrumb\",\"itemListElement\":[{\"@type\":\"ListItem\",\"position\":1,\"name\":\"Home\",\"item\":\"https:\/\/ensoulrecords.com\/fr\/\"},{\"@type\":\"ListItem\",\"position\":2,\"name\":\"Thiscotech au Festival de Jazz de Montr\u00e9al\"}]},{\"@type\":\"WebSite\",\"@id\":\"https:\/\/ensoulrecords.com\/#website\",\"url\":\"https:\/\/ensoulrecords.com\/\",\"name\":\"Ensoul Records\",\"description\":\"Promoting Montreal\u2019s soulful music by collaborating with genuine artists\",\"publisher\":{\"@id\":\"https:\/\/ensoulrecords.com\/#organization\"},\"potentialAction\":[{\"@type\":\"SearchAction\",\"target\":{\"@type\":\"EntryPoint\",\"urlTemplate\":\"https:\/\/ensoulrecords.com\/?s={search_term_string}\"},\"query-input\":\"required name=search_term_string\"}],\"inLanguage\":\"fr-FR\"},{\"@type\":\"Organization\",\"@id\":\"https:\/\/ensoulrecords.com\/#organization\",\"name\":\"Ensoul Records\",\"url\":\"https:\/\/ensoulrecords.com\/\",\"logo\":{\"@type\":\"ImageObject\",\"inLanguage\":\"fr-FR\",\"@id\":\"https:\/\/ensoulrecords.com\/#\/schema\/logo\/image\/\",\"url\":\"https:\/\/ensoulrecords.com\/wp-content\/uploads\/2022\/06\/logo-ensoul-1000x1000px-blanc.png\",\"contentUrl\":\"https:\/\/ensoulrecords.com\/wp-content\/uploads\/2022\/06\/logo-ensoul-1000x1000px-blanc.png\",\"width\":2083,\"height\":2083,\"caption\":\"Ensoul Records\"},\"image\":{\"@id\":\"https:\/\/ensoulrecords.com\/#\/schema\/logo\/image\/\"},\"sameAs\":[\"https:\/\/www.facebook.com\/EnsoulRecords\/\",\"https:\/\/x.com\/Ensoul_records\",\"https:\/\/www.instagram.com\/ensoulrecords\"]},{\"@type\":\"Person\",\"@id\":\"https:\/\/ensoulrecords.com\/#\/schema\/person\/09a75299e550fac72315c4458316fec2\",\"name\":\"er_admin_fr\",\"image\":{\"@type\":\"ImageObject\",\"inLanguage\":\"fr-FR\",\"@id\":\"https:\/\/ensoulrecords.com\/#\/schema\/person\/image\/\",\"url\":\"https:\/\/secure.gravatar.com\/avatar\/7c2fbf879be844d21e26f940ca0e7a28fe69c8e5796e9896fc9c608d0b75bfd0?s=96&d=mm&r=g\",\"contentUrl\":\"https:\/\/secure.gravatar.com\/avatar\/7c2fbf879be844d21e26f940ca0e7a28fe69c8e5796e9896fc9c608d0b75bfd0?s=96&d=mm&r=g\",\"caption\":\"er_admin_fr\"},\"url\":\"https:\/\/ensoulrecords.com\/fr\/author\/er_admin_fr\/\"}]}<\/script>\n<!-- \/ Yoast SEO plugin. -->","yoast_head_json":{"title":"Thiscotech au Festival de Jazz de Montr\u00e9al - Ensoul Records","robots":{"index":"index","follow":"follow","max-snippet":"max-snippet:-1","max-image-preview":"max-image-preview:large","max-video-preview":"max-video-preview:-1"},"canonical":"https:\/\/ensoulrecords.com\/fr\/2016\/11\/29\/thiscotech-au-festival-de-jazz-de-montreal\/","og_locale":"fr_FR","og_type":"article","og_title":"Thiscotech au Festival de Jazz de Montr\u00e9al - Ensoul Records","og_description":"Nos amis de Thiscotech seront au Groove Nation pour le Festival International de Jazz. Ils afficheront une formation compl\u00e8te incluant des cuivres chaleureux, percussions groovy, une ligne de basse ent\u00eatante et des voix envo\u00fbtantes. Ladyfriend s&rsquo;occupera de faire monter la temp\u00e9rature sur la piste de danse avec sa s\u00e9lection de p\u00e9pites vintages. Sortez vos plus... Read more &raquo;","og_url":"https:\/\/ensoulrecords.com\/fr\/2016\/11\/29\/thiscotech-au-festival-de-jazz-de-montreal\/","og_site_name":"Ensoul Records","article_publisher":"https:\/\/www.facebook.com\/EnsoulRecords\/","article_published_time":"2016-11-29T16:22:33+00:00","article_modified_time":"2024-01-22T17:55:29+00:00","og_image":[{"width":800,"height":800,"url":"https:\/\/ensoulrecords.com\/wp-content\/uploads\/2016\/09\/This-Cotech.jpg","type":"image\/jpeg"}],"author":"er_admin_fr","twitter_card":"summary_large_image","twitter_creator":"@Ensoul_records","twitter_site":"@Ensoul_records","twitter_misc":{"\u00c9crit par":"er_admin_fr"},"schema":{"@context":"https:\/\/schema.org","@graph":[{"@type":"Article","@id":"https:\/\/ensoulrecords.com\/fr\/2016\/11\/29\/thiscotech-au-festival-de-jazz-de-montreal\/#article","isPartOf":{"@id":"https:\/\/ensoulrecords.com\/fr\/2016\/11\/29\/thiscotech-au-festival-de-jazz-de-montreal\/"},"author":{"name":"er_admin_fr","@id":"https:\/\/ensoulrecords.com\/#\/schema\/person\/09a75299e550fac72315c4458316fec2"},"headline":"Thiscotech au Festival de Jazz de Montr\u00e9al","datePublished":"2016-11-29T16:22:33+00:00","dateModified":"2024-01-22T17:55:29+00:00","mainEntityOfPage":{"@id":"https:\/\/ensoulrecords.com\/fr\/2016\/11\/29\/thiscotech-au-festival-de-jazz-de-montreal\/"},"wordCount":88,"publisher":{"@id":"https:\/\/ensoulrecords.com\/#organization"},"image":{"@id":"https:\/\/ensoulrecords.com\/fr\/2016\/11\/29\/thiscotech-au-festival-de-jazz-de-montreal\/#primaryimage"},"thumbnailUrl":"https:\/\/ensoulrecords.com\/wp-content\/uploads\/2016\/09\/This-Cotech.jpg","articleSection":["Non classifi\u00e9(e)"],"inLanguage":"fr-FR"},{"@type":"WebPage","@id":"https:\/\/ensoulrecords.com\/fr\/2016\/11\/29\/thiscotech-au-festival-de-jazz-de-montreal\/","url":"https:\/\/ensoulrecords.com\/fr\/2016\/11\/29\/thiscotech-au-festival-de-jazz-de-montreal\/","name":"Thiscotech au Festival de Jazz de Montr\u00e9al - Ensoul Records","isPartOf":{"@id":"https:\/\/ensoulrecords.com\/#website"},"primaryImageOfPage":{"@id":"https:\/\/ensoulrecords.com\/fr\/2016\/11\/29\/thiscotech-au-festival-de-jazz-de-montreal\/#primaryimage"},"image":{"@id":"https:\/\/ensoulrecords.com\/fr\/2016\/11\/29\/thiscotech-au-festival-de-jazz-de-montreal\/#primaryimage"},"thumbnailUrl":"https:\/\/ensoulrecords.com\/wp-content\/uploads\/2016\/09\/This-Cotech.jpg","datePublished":"2016-11-29T16:22:33+00:00","dateModified":"2024-01-22T17:55:29+00:00","breadcrumb":{"@id":"https:\/\/ensoulrecords.com\/fr\/2016\/11\/29\/thiscotech-au-festival-de-jazz-de-montreal\/#breadcrumb"},"inLanguage":"fr-FR","potentialAction":[{"@type":"ReadAction","target":["https:\/\/ensoulrecords.com\/fr\/2016\/11\/29\/thiscotech-au-festival-de-jazz-de-montreal\/"]}]},{"@type":"ImageObject","inLanguage":"fr-FR","@id":"https:\/\/ensoulrecords.com\/fr\/2016\/11\/29\/thiscotech-au-festival-de-jazz-de-montreal\/#primaryimage","url":"https:\/\/ensoulrecords.com\/wp-content\/uploads\/2016\/09\/This-Cotech.jpg","contentUrl":"https:\/\/ensoulrecords.com\/wp-content\/uploads\/2016\/09\/This-Cotech.jpg","width":800,"height":800},{"@type":"BreadcrumbList","@id":"https:\/\/ensoulrecords.com\/fr\/2016\/11\/29\/thiscotech-au-festival-de-jazz-de-montreal\/#breadcrumb","itemListElement":[{"@type":"ListItem","position":1,"name":"Home","item":"https:\/\/ensoulrecords.com\/fr\/"},{"@type":"ListItem","position":2,"name":"Thiscotech au Festival de Jazz de Montr\u00e9al"}]},{"@type":"WebSite","@id":"https:\/\/ensoulrecords.com\/#website","url":"https:\/\/ensoulrecords.com\/","name":"Ensoul Records","description":"Promoting Montreal\u2019s soulful music by collaborating with genuine artists","publisher":{"@id":"https:\/\/ensoulrecords.com\/#organization"},"potentialAction":[{"@type":"SearchAction","target":{"@type":"EntryPoint","urlTemplate":"https:\/\/ensoulrecords.com\/?s={search_term_string}"},"query-input":"required name=search_term_string"}],"inLanguage":"fr-FR"},{"@type":"Organization","@id":"https:\/\/ensoulrecords.com\/#organization","name":"Ensoul Records","url":"https:\/\/ensoulrecords.com\/","logo":{"@type":"ImageObject","inLanguage":"fr-FR","@id":"https:\/\/ensoulrecords.com\/#\/schema\/logo\/image\/","url":"https:\/\/ensoulrecords.com\/wp-content\/uploads\/2022\/06\/logo-ensoul-1000x1000px-blanc.png","contentUrl":"https:\/\/ensoulrecords.com\/wp-content\/uploads\/2022\/06\/logo-ensoul-1000x1000px-blanc.png","width":2083,"height":2083,"caption":"Ensoul Records"},"image":{"@id":"https:\/\/ensoulrecords.com\/#\/schema\/logo\/image\/"},"sameAs":["https:\/\/www.facebook.com\/EnsoulRecords\/","https:\/\/x.com\/Ensoul_records","https:\/\/www.instagram.com\/ensoulrecords"]},{"@type":"Person","@id":"https:\/\/ensoulrecords.com\/#\/schema\/person\/09a75299e550fac72315c4458316fec2","name":"er_admin_fr","image":{"@type":"ImageObject","inLanguage":"fr-FR","@id":"https:\/\/ensoulrecords.com\/#\/schema\/person\/image\/","url":"https:\/\/secure.gravatar.com\/avatar\/7c2fbf879be844d21e26f940ca0e7a28fe69c8e5796e9896fc9c608d0b75bfd0?s=96&d=mm&r=g","contentUrl":"https:\/\/secure.gravatar.com\/avatar\/7c2fbf879be844d21e26f940ca0e7a28fe69c8e5796e9896fc9c608d0b75bfd0?s=96&d=mm&r=g","caption":"er_admin_fr"},"url":"https:\/\/ensoulrecords.com\/fr\/author\/er_admin_fr\/"}]}},"_links":{"self":[{"href":"https:\/\/ensoulrecords.com\/fr\/wp-json\/wp\/v2\/posts\/1195","targetHints":{"allow":["GET"]}}],"collection":[{"href":"https:\/\/ensoulrecords.com\/fr\/wp-json\/wp\/v2\/posts"}],"about":[{"href":"https:\/\/ensoulrecords.com\/fr\/wp-json\/wp\/v2\/types\/post"}],"author":[{"embeddable":true,"href":"https:\/\/ensoulrecords.com\/fr\/wp-json\/wp\/v2\/users\/3"}],"replies":[{"embeddable":true,"href":"https:\/\/ensoulrecords.com\/fr\/wp-json\/wp\/v2\/comments?post=1195"}],"version-history":[{"count":1,"href":"https:\/\/ensoulrecords.com\/fr\/wp-json\/wp\/v2\/posts\/1195\/revisions"}],"predecessor-version":[{"id":2532,"href":"https:\/\/ensoulrecords.com\/fr\/wp-json\/wp\/v2\/posts\/1195\/revisions\/2532"}],"wp:featuredmedia":[{"embeddable":true,"href":"https:\/\/ensoulrecords.com\/fr\/wp-json\/wp\/v2\/media\/1146"}],"wp:attachment":[{"href":"https:\/\/ensoulrecords.com\/fr\/wp-json\/wp\/v2\/media?parent=1195"}],"wp:term":[{"taxonomy":"category","embeddable":true,"href":"https:\/\/ensoulrecords.com\/fr\/wp-json\/wp\/v2\/categories?post=1195"},{"taxonomy":"post_tag","embeddable":true,"href":"https:\/\/ensoulrecords.com\/fr\/wp-json\/wp\/v2\/tags?post=1195"}],"curies":[{"name":"wp","href":"https:\/\/api.w.org\/{rel}","templated":true}]}}